{"id":8462,"date":"2016-09-01T17:38:19","date_gmt":"2016-09-01T13:38:19","guid":{"rendered":"http:\/\/stmichel.re\/?p=8462"},"modified":"2016-09-15T20:00:22","modified_gmt":"2016-09-15T16:00:22","slug":"eclipse-au-college","status":"publish","type":"post","link":"https:\/\/stmichel.re\/?p=8462","title":{"rendered":"Eclipse au coll\u00e8ge !"},"content":{"rendered":"<p>Un retour en images sur cet \u00e9v\u00e8nement tr\u00e8s rare qui a eu lieu ce jeudi 1er septembre 2016 : l&rsquo;\u00e9clipse annulaire du soleil.\u00a0 <img src=\"https:\/\/stmichel.re\/wp_stm\/wp-includes\/images\/smilies\/icon_cool.gif\" alt=\"8)\" class=\"wp-smiley\" style=\"height: 1em; max-height: 1em;\" \/>\u00a0 <img src=\"https:\/\/stmichel.re\/wp_stm\/wp-includes\/images\/smilies\/icon_surprised.gif\" alt=\":o\" class=\"wp-smiley\" style=\"height: 1em; max-height: 1em;\" \/><\/p>\n<p><!--more--><\/p>\n<p><a href=\"http:\/\/stmichel.re\/wp_stm\/wp-content\/uploads\/2016\/09\/DSC_4232.jpg\"><img loading=\"lazy\" decoding=\"async\" class=\"alignnone wp-image-9155 size-medium\" src=\"http:\/\/stmichel.re\/wp_stm\/wp-content\/uploads\/2016\/09\/DSC_4232-300x200.jpg\" alt=\"dsc_4232\" width=\"300\" height=\"200\" srcset=\"https:\/\/stmichel.re\/wp_stm\/wp-content\/uploads\/2016\/09\/DSC_4232-300x200.jpg 300w, https:\/\/stmichel.re\/wp_stm\/wp-content\/uploads\/2016\/09\/DSC_4232-768x511.jpg 768w, https:\/\/stmichel.re\/wp_stm\/wp-content\/uploads\/2016\/09\/DSC_4232.jpg 1024w\" sizes=\"auto, (max-width: 300px) 100vw, 300px\" \/><\/a>\u00a0\u00a0<a href=\"http:\/\/stmichel.re\/wp_stm\/wp-content\/uploads\/2016\/09\/DSC_4242.jpg\"><img loading=\"lazy\" decoding=\"async\" class=\"alignnone wp-image-9156 size-medium\" src=\"http:\/\/stmichel.re\/wp_stm\/wp-content\/uploads\/2016\/09\/DSC_4242-300x200.jpg\" alt=\"dsc_4242\" width=\"300\" height=\"200\" srcset=\"https:\/\/stmichel.re\/wp_stm\/wp-content\/uploads\/2016\/09\/DSC_4242-300x200.jpg 300w, https:\/\/stmichel.re\/wp_stm\/wp-content\/uploads\/2016\/09\/DSC_4242-768x511.jpg 768w, https:\/\/stmichel.re\/wp_stm\/wp-content\/uploads\/2016\/09\/DSC_4242.jpg 1024w\" sizes=\"auto, (max-width: 300px) 100vw, 300px\" \/><\/a><\/p>\nngg_shortcode_0_placeholder\n<p>&#8230; et rendez-vous \u00e0 la prochaine \u00e9clipse totale, c&rsquo;est \u00e0 dire en l&rsquo;an 2267\u00a0 <img src=\"https:\/\/stmichel.re\/wp_stm\/wp-includes\/images\/smilies\/icon_exclaim.gif\" alt=\"!\" class=\"wp-smiley\" style=\"height: 1em; max-height: 1em;\" \/><\/p>\n","protected":false},"excerpt":{"rendered":"<p>Un retour en images sur cet \u00e9v\u00e8nement tr\u00e8s rare qui a eu lieu ce jeudi 1er septembre 2016 : l&rsquo;\u00e9clipse annulaire du soleil.\u00a0 \u00a0<\/p>\n","protected":false},"author":197,"featured_media":9154,"comment_status":"open","ping_status":"open","sticky":false,"template":"","format":"standard","meta":{"ngg_post_thumbnail":0,"footnotes":"","_links_to":"","_links_to_target":""},"categories":[13],"tags":[],"class_list":["post-8462","post","type-post","status-publish","format-standard","has-post-thumbnail","hentry","category-evenements"],"_links":{"self":[{"href":"https:\/\/stmichel.re\/index.php?rest_route=\/wp\/v2\/posts\/8462","targetHints":{"allow":["GET"]}}],"collection":[{"href":"https:\/\/stmichel.re\/index.php?rest_route=\/wp\/v2\/posts"}],"about":[{"href":"https:\/\/stmichel.re\/index.php?rest_route=\/wp\/v2\/types\/post"}],"author":[{"embeddable":true,"href":"https:\/\/stmichel.re\/index.php?rest_route=\/wp\/v2\/users\/197"}],"replies":[{"embeddable":true,"href":"https:\/\/stmichel.re\/index.php?rest_route=%2Fwp%2Fv2%2Fcomments&post=8462"}],"version-history":[{"count":0,"href":"https:\/\/stmichel.re\/index.php?rest_route=\/wp\/v2\/posts\/8462\/revisions"}],"wp:featuredmedia":[{"embeddable":true,"href":"https:\/\/stmichel.re\/index.php?rest_route=\/wp\/v2\/media\/9154"}],"wp:attachment":[{"href":"https:\/\/stmichel.re\/index.php?rest_route=%2Fwp%2Fv2%2Fmedia&parent=8462"}],"wp:term":[{"taxonomy":"category","embeddable":true,"href":"https:\/\/stmichel.re\/index.php?rest_route=%2Fwp%2Fv2%2Fcategories&post=8462"},{"taxonomy":"post_tag","embeddable":true,"href":"https:\/\/stmichel.re\/index.php?rest_route=%2Fwp%2Fv2%2Ftags&post=8462"}],"curies":[{"name":"wp","href":"https:\/\/api.w.org\/{rel}","templated":true}]}}