{"id":7963,"date":"2016-04-29T17:34:28","date_gmt":"2016-04-29T13:34:28","guid":{"rendered":"http:\/\/stmichel.re\/?p=7963"},"modified":"2016-04-29T17:34:28","modified_gmt":"2016-04-29T13:34:28","slug":"les-benjamins-champions-dacademie-de-foot","status":"publish","type":"post","link":"https:\/\/stmichel.re\/?p=7963","title":{"rendered":"Les benjamins, champions d&rsquo;acad\u00e9mie de foot !"},"content":{"rendered":"<p>Au stade de la Redoute , les benjamins gar\u00e7ons du coll\u00e8ge\u00a0sont devenus \u00ab\u00a0champions de l&rsquo;acad\u00e9mie de football\u00a0\u00bb. Ils\u00a0se sont impos\u00e9s en finale UNSS 4 tirs au but \u00e0 3 face au coll\u00e8ge de Terre-Sainte \u00e0\u00a0St-Pierre au terme d&rsquo;un match engag\u00e9.\u00a0<!--more-->Apr\u00e8s avoir encaiss\u00e9 un but \u00ab\u00a0casquette\u00a0\u00bb <img src=\"https:\/\/stmichel.re\/wp_stm\/wp-includes\/images\/smilies\/icon_razz.gif\" alt=\":p\" class=\"wp-smiley\" style=\"height: 1em; max-height: 1em;\" \/> en premi\u00e8re p\u00e9riode, l&rsquo;\u00e9quipe de St Michel, encourag\u00e9e par leur kop de supporters, les\u00a0parents d&rsquo;\u00e9l\u00e8ves <img src=\"https:\/\/stmichel.re\/wp_stm\/wp-includes\/images\/smilies\/icon_biggrin.gif\" alt=\":D\" class=\"wp-smiley\" style=\"height: 1em; max-height: 1em;\" \/> , \u00a0est revenue \u00e0 la marque par l&rsquo;interm\u00e9diaire de Romain Mussidan. Le score final \u00e9tait donc de 1 \u00e0 1.\u00a0Lors de la s\u00e9ance de tirs au but, Fabianny Eaubelle, notre\u00a0gardien de but, a offert\u00a0la victoire aux siens en arr\u00eatant trois p\u00e9naltys <img src=\"https:\/\/stmichel.re\/wp_stm\/wp-includes\/images\/smilies\/icon_exclaim.gif\" alt=\"!\" class=\"wp-smiley\" style=\"height: 1em; max-height: 1em;\" \/>\u00a0 <img src=\"https:\/\/stmichel.re\/wp_stm\/wp-includes\/images\/smilies\/icon_surprised.gif\" alt=\":o\" class=\"wp-smiley\" style=\"height: 1em; max-height: 1em;\" \/><\/p>\n<p>Leurs professeurs d&rsquo;EPS, tiennent \u00e0 f\u00e9liciter tous les \u00e9l\u00e8ves pour leur investissement et leur esprit fair-play. F\u00e9licitations \u00e0 eux <img src=\"https:\/\/stmichel.re\/wp_stm\/wp-includes\/images\/smilies\/icon_exclaim.gif\" alt=\"!\" class=\"wp-smiley\" style=\"height: 1em; max-height: 1em;\" \/><\/p>\n<p><u>L&rsquo;\u00e9quipe<\/u> <img src=\"https:\/\/stmichel.re\/wp_stm\/wp-includes\/images\/smilies\/icon_cool.gif\" alt=\"8)\" class=\"wp-smiley\" style=\"height: 1em; max-height: 1em;\" \/> :\u00a0Fabianny Eaubelle (5D), Noah Pelvane (6A), Romain Mussidan (5D), Enzo Malet (5B), Johan Valentini (5B), Elijah Niang (5B), Lucien Rayot (5L), Nour Fontaine (5 B), Djilani Koura (5F), Blaise Allombert (6B), Adrien Le Mercier (6G) et J\u00e9r\u00e9mi Saint-Paul (5H).<\/p>\n<p>Mme Fleury \u2013 M.Ah-Yane<\/p>\nngg_shortcode_0_placeholder\n","protected":false},"excerpt":{"rendered":"<p>Au stade de la Redoute , les benjamins gar\u00e7ons du coll\u00e8ge\u00a0sont devenus \u00ab\u00a0champions de l&rsquo;acad\u00e9mie de football\u00a0\u00bb. Ils\u00a0se sont impos\u00e9s en finale UNSS 4 tirs au but \u00e0 3 face au coll\u00e8ge de Terre-Sainte \u00e0\u00a0St-Pierre au terme d&rsquo;un match engag\u00e9.\u00a0<\/p>\n","protected":false},"author":197,"featured_media":7966,"comment_status":"open","ping_status":"open","sticky":false,"template":"","format":"standard","meta":{"ngg_post_thumbnail":0,"footnotes":"","_links_to":"","_links_to_target":""},"categories":[10,20],"tags":[],"class_list":["post-7963","post","type-post","status-publish","format-standard","has-post-thumbnail","hentry","category-sport","category-unss"],"_links":{"self":[{"href":"https:\/\/stmichel.re\/index.php?rest_route=\/wp\/v2\/posts\/7963","targetHints":{"allow":["GET"]}}],"collection":[{"href":"https:\/\/stmichel.re\/index.php?rest_route=\/wp\/v2\/posts"}],"about":[{"href":"https:\/\/stmichel.re\/index.php?rest_route=\/wp\/v2\/types\/post"}],"author":[{"embeddable":true,"href":"https:\/\/stmichel.re\/index.php?rest_route=\/wp\/v2\/users\/197"}],"replies":[{"embeddable":true,"href":"https:\/\/stmichel.re\/index.php?rest_route=%2Fwp%2Fv2%2Fcomments&post=7963"}],"version-history":[{"count":0,"href":"https:\/\/stmichel.re\/index.php?rest_route=\/wp\/v2\/posts\/7963\/revisions"}],"wp:featuredmedia":[{"embeddable":true,"href":"https:\/\/stmichel.re\/index.php?rest_route=\/wp\/v2\/media\/7966"}],"wp:attachment":[{"href":"https:\/\/stmichel.re\/index.php?rest_route=%2Fwp%2Fv2%2Fmedia&parent=7963"}],"wp:term":[{"taxonomy":"category","embeddable":true,"href":"https:\/\/stmichel.re\/index.php?rest_route=%2Fwp%2Fv2%2Fcategories&post=7963"},{"taxonomy":"post_tag","embeddable":true,"href":"https:\/\/stmichel.re\/index.php?rest_route=%2Fwp%2Fv2%2Ftags&post=7963"}],"curies":[{"name":"wp","href":"https:\/\/api.w.org\/{rel}","templated":true}]}}