{"id":7522,"date":"2016-02-18T18:24:20","date_gmt":"2016-02-18T14:24:20","guid":{"rendered":"http:\/\/stmichel.re\/?p=7522"},"modified":"2016-02-18T18:25:46","modified_gmt":"2016-02-18T14:25:46","slug":"journees-portes-ouvertes-au-lycee-ambroise-vollard","status":"publish","type":"post","link":"https:\/\/stmichel.re\/?p=7522","title":{"rendered":"Journ\u00e9es portes ouvertes au lyc\u00e9e Ambroise Vollard"},"content":{"rendered":"<p class=\"p1\"><span class=\"s1\">La section<b>\u00a0Arts Appliqu\u00e9es\u00a0<\/b>du lyc\u00e9e Ambroise Vollard de Saint Pierre,\u00a0<\/span><span class=\"s1\">le<b>\u00a0BTS Design de Mode<\/b>\u00a0du lyc\u00e9e Roland Garros,\u00a0<\/span><span class=\"s1\">la section CAP\u00a0<b>Arts et techniques de la bijouterie<\/b>\u00a0du lyc\u00e9e professionnel L\u00e9on de Lepervanche (Le Port),\u00a0<\/span><span class=\"s1\">ainsi que le Bac Pro\u00a0<b>Production Graphique\u00a0<\/b>du Lyc\u00e9e Professionnel Fran\u00e7ois de Mahy (St Pierre)\u00a0<\/span><span class=\"s1\">seraient heureux de vous rencontrer lors des\u00a0<b>journ\u00e9es portes ouvertes<\/b>\u00a0qui se d\u00e9rouleront au\u00a0<b>lyc\u00e9e Ambroise Vollard de Saint Pierre<\/b>,\u00a0<\/span><span class=\"s1\">les\u00a0<b>vendredi 4 mars de 8h \u00e0 12h et de 13h \u00e0 17h, <\/b>et<b> samedi 5 mars de 8h \u00e0 12h.<\/b><\/span><!--more--><\/p>\n<p class=\"p1\"><span class=\"s1\">Ces journ\u00e9es permettront de donner un petit aper\u00e7u des r\u00e9alisations des \u00e9l\u00e8ves de chaque fili\u00e8re,\u00a0d&rsquo;informer des diverses formations qu\u2019offrent la R\u00e9union dans le domaine des Arts Appliqu\u00e9s et M\u00e9tiers d\u2019Arts\u00a0et bien entendu de rencontrer les enseignants et les \u00e9tudiants.<\/span><\/p>\n","protected":false},"excerpt":{"rendered":"<p>La section\u00a0Arts Appliqu\u00e9es\u00a0du lyc\u00e9e Ambroise Vollard de Saint Pierre,\u00a0le\u00a0BTS Design de Mode\u00a0du lyc\u00e9e Roland Garros,\u00a0la section CAP\u00a0Arts et techniques de la bijouterie\u00a0du lyc\u00e9e professionnel L\u00e9on de Lepervanche (Le Port),\u00a0ainsi que le Bac Pro\u00a0Production Graphique\u00a0du Lyc\u00e9e Professionnel Fran\u00e7ois de Mahy (St Pierre)\u00a0seraient heureux de vous rencontrer lors des\u00a0journ\u00e9es portes ouvertes\u00a0qui se d\u00e9rouleront au\u00a0lyc\u00e9e Ambroise Vollard de &hellip; <\/p>\n<p class=\"link-more\"><a href=\"https:\/\/stmichel.re\/?p=7522\" class=\"more-link\">Continuer la lecture<span class=\"screen-reader-text\"> de &laquo;&nbsp;Journ\u00e9es portes ouvertes au lyc\u00e9e Ambroise Vollard&nbsp;&raquo;<\/span><\/a><\/p>\n","protected":false},"author":197,"featured_media":0,"comment_status":"closed","ping_status":"open","sticky":false,"template":"","format":"standard","meta":{"ngg_post_thumbnail":0,"footnotes":"","_links_to":"","_links_to_target":""},"categories":[4,8],"tags":[],"class_list":["post-7522","post","type-post","status-publish","format-standard","hentry","category-arts-plastiques","category-infos-pratiques"],"_links":{"self":[{"href":"https:\/\/stmichel.re\/index.php?rest_route=\/wp\/v2\/posts\/7522","targetHints":{"allow":["GET"]}}],"collection":[{"href":"https:\/\/stmichel.re\/index.php?rest_route=\/wp\/v2\/posts"}],"about":[{"href":"https:\/\/stmichel.re\/index.php?rest_route=\/wp\/v2\/types\/post"}],"author":[{"embeddable":true,"href":"https:\/\/stmichel.re\/index.php?rest_route=\/wp\/v2\/users\/197"}],"replies":[{"embeddable":true,"href":"https:\/\/stmichel.re\/index.php?rest_route=%2Fwp%2Fv2%2Fcomments&post=7522"}],"version-history":[{"count":0,"href":"https:\/\/stmichel.re\/index.php?rest_route=\/wp\/v2\/posts\/7522\/revisions"}],"wp:attachment":[{"href":"https:\/\/stmichel.re\/index.php?rest_route=%2Fwp%2Fv2%2Fmedia&parent=7522"}],"wp:term":[{"taxonomy":"category","embeddable":true,"href":"https:\/\/stmichel.re\/index.php?rest_route=%2Fwp%2Fv2%2Fcategories&post=7522"},{"taxonomy":"post_tag","embeddable":true,"href":"https:\/\/stmichel.re\/index.php?rest_route=%2Fwp%2Fv2%2Ftags&post=7522"}],"curies":[{"name":"wp","href":"https:\/\/api.w.org\/{rel}","templated":true}]}}