{"id":7244,"date":"2015-11-25T09:23:11","date_gmt":"2015-11-25T05:23:11","guid":{"rendered":"http:\/\/stmichel.re\/?p=7244"},"modified":"2016-01-08T18:07:34","modified_gmt":"2016-01-08T14:07:34","slug":"entree-dans-lavent","status":"publish","type":"post","link":"https:\/\/stmichel.re\/?p=7244","title":{"rendered":"Entr\u00e9e dans l&rsquo;Avent"},"content":{"rendered":"<p class=\"p1\"><span class=\"s1\">A l&rsquo;occasion de l&rsquo;approche des f\u00eates de No\u00ebl, nous vous invitons \u00e0 consulter le courrier d&rsquo;invitation de M. Pierre \u00e0 la messe d&rsquo;entr\u00e9e en Avent du samedi 28 novembre, qui pr\u00e9sente \u00e9galement toutes les actions auxquelles vos enfants sont invit\u00e9s \u00e0 participer durant cette p\u00e9riode.<\/span><\/p>\n<p class=\"p1\"><a href=\"http:\/\/stmichel.re\/wp_stm\/wp-content\/uploads\/2015\/11\/messe-dentr\u00e9e-dans-lAvent-2015_courrier-invitation.pdf\">Entr\u00e9e dans l&rsquo;Avent 2015<\/a><\/p>\n","protected":false},"excerpt":{"rendered":"<p>A l&rsquo;occasion de l&rsquo;approche des f\u00eates de No\u00ebl, nous vous invitons \u00e0 consulter le courrier d&rsquo;invitation de M. Pierre \u00e0 la messe d&rsquo;entr\u00e9e en Avent du samedi 28 novembre, qui pr\u00e9sente \u00e9galement toutes les actions auxquelles vos enfants sont invit\u00e9s \u00e0 participer durant cette p\u00e9riode. Entr\u00e9e dans l&rsquo;Avent 2015<\/p>\n","protected":false},"author":197,"featured_media":7248,"comment_status":"closed","ping_status":"open","sticky":false,"template":"","format":"standard","meta":{"ngg_post_thumbnail":0,"footnotes":"","_links_to":"","_links_to_target":""},"categories":[13,12],"tags":[],"class_list":["post-7244","post","type-post","status-publish","format-standard","has-post-thumbnail","hentry","category-evenements","category-pastorale"],"_links":{"self":[{"href":"https:\/\/stmichel.re\/index.php?rest_route=\/wp\/v2\/posts\/7244","targetHints":{"allow":["GET"]}}],"collection":[{"href":"https:\/\/stmichel.re\/index.php?rest_route=\/wp\/v2\/posts"}],"about":[{"href":"https:\/\/stmichel.re\/index.php?rest_route=\/wp\/v2\/types\/post"}],"author":[{"embeddable":true,"href":"https:\/\/stmichel.re\/index.php?rest_route=\/wp\/v2\/users\/197"}],"replies":[{"embeddable":true,"href":"https:\/\/stmichel.re\/index.php?rest_route=%2Fwp%2Fv2%2Fcomments&post=7244"}],"version-history":[{"count":0,"href":"https:\/\/stmichel.re\/index.php?rest_route=\/wp\/v2\/posts\/7244\/revisions"}],"wp:featuredmedia":[{"embeddable":true,"href":"https:\/\/stmichel.re\/index.php?rest_route=\/wp\/v2\/media\/7248"}],"wp:attachment":[{"href":"https:\/\/stmichel.re\/index.php?rest_route=%2Fwp%2Fv2%2Fmedia&parent=7244"}],"wp:term":[{"taxonomy":"category","embeddable":true,"href":"https:\/\/stmichel.re\/index.php?rest_route=%2Fwp%2Fv2%2Fcategories&post=7244"},{"taxonomy":"post_tag","embeddable":true,"href":"https:\/\/stmichel.re\/index.php?rest_route=%2Fwp%2Fv2%2Ftags&post=7244"}],"curies":[{"name":"wp","href":"https:\/\/api.w.org\/{rel}","templated":true}]}}