{"id":14756,"date":"2020-11-26T14:15:35","date_gmt":"2020-11-26T10:15:35","guid":{"rendered":"http:\/\/stmichel.re\/?p=14756"},"modified":"2020-11-26T14:15:35","modified_gmt":"2020-11-26T10:15:35","slug":"presentation-du-college-aux-familles-de-cm2-3","status":"publish","type":"post","link":"https:\/\/stmichel.re\/?p=14756","title":{"rendered":"Pr\u00e9sentation du coll\u00e8ge aux familles de CM2"},"content":{"rendered":"\n<p style=\"font-weight: 400;\"><strong><u>Pr\u00e9sentation du coll\u00e8ge aux familles de CM2&nbsp;:<\/u><\/strong><\/p>\n<p style=\"font-weight: 400;\">Comme ces derni\u00e8res ann\u00e9es, nous invitons les familles des \u00e9coles \u00e0 venir au coll\u00e8ge assister \u00e0 une pr\u00e9sentation de l\u2019\u00e9tablissement et des sp\u00e9cificit\u00e9s de la classe de 6\u00e8me.<!--more--><\/p>\n<p style=\"font-weight: 400;\">4 soir\u00e9es sont pr\u00e9vues&nbsp;:<\/p>\n<p style=\"font-weight: 400;\">&nbsp;<\/p>\n<table style=\"font-weight: 400;\">\n<tbody>\n<tr>\n<td width=\"346\">\n<p>Immacul\u00e9e conception soir\u00e9e (1) CM2 A,B,C,D<\/p>\n<\/td>\n<td width=\"320\">\n<p>Le jeudi 03 d\u00e9cembre &nbsp;\u00e0 17h00<\/p>\n<\/td>\n<\/tr>\n<tr>\n<td width=\"346\">\n<p>Immacul\u00e9e conception soir\u00e9e (2) CM2 E,F,G<\/p>\n<\/td>\n<td width=\"320\">\n<p>Le lundi 07 d\u00e9cembre \u00e0 17h00<\/p>\n<\/td>\n<\/tr>\n<tr>\n<td width=\"346\">\n<p>Ste Madeleine, Ste Clotilde, Iris Hoarau et St Gabriel et Ecole priv\u00e9e la Medersa<\/p>\n<\/td>\n<td width=\"320\">\n<p>Le jeudi 10 d\u00e9cembre \u00e0 17h00<\/p>\n<\/td>\n<\/tr>\n<tr>\n<td width=\"346\">\n<p>Les \u00e9tablissements publics<\/p>\n<\/td>\n<td width=\"320\">\n<p>Le vendredi 11 d\u00e9cembre \u00e0 17h00<\/p>\n<\/td>\n<\/tr>\n<\/tbody>\n<\/table>\n<p style=\"font-weight: 400;\">&nbsp;<\/p>\n<p style=\"font-weight: 400;\">La r\u00e9union aura lieu dans la grande salle d\u2019\u00e9tude qui se trouve au 1<sup>er<\/sup>&nbsp;\u00e9tage du b\u00e2timent central. L\u2019entr\u00e9e se fera par la rue Monseigneur de Beaumont &#8211; n\u00b028.<\/p>\n<p style=\"font-weight: 400;\">Tr\u00e8s cordialement<\/p>\n<p style=\"font-weight: 400;\">La Direction<\/p>\n","protected":false},"excerpt":{"rendered":"<p>Pr\u00e9sentation du coll\u00e8ge aux familles de CM2&nbsp;: Comme ces derni\u00e8res ann\u00e9es, nous invitons les familles des \u00e9coles \u00e0 venir au coll\u00e8ge assister \u00e0 une pr\u00e9sentation de l\u2019\u00e9tablissement et des sp\u00e9cificit\u00e9s de la classe de 6\u00e8me.<\/p>\n","protected":false},"author":197,"featured_media":14757,"comment_status":"closed","ping_status":"open","sticky":false,"template":"","format":"standard","meta":{"ngg_post_thumbnail":0,"footnotes":"","_links_to":"","_links_to_target":""},"categories":[13],"tags":[],"class_list":["post-14756","post","type-post","status-publish","format-standard","has-post-thumbnail","hentry","category-evenements"],"_links":{"self":[{"href":"https:\/\/stmichel.re\/index.php?rest_route=\/wp\/v2\/posts\/14756","targetHints":{"allow":["GET"]}}],"collection":[{"href":"https:\/\/stmichel.re\/index.php?rest_route=\/wp\/v2\/posts"}],"about":[{"href":"https:\/\/stmichel.re\/index.php?rest_route=\/wp\/v2\/types\/post"}],"author":[{"embeddable":true,"href":"https:\/\/stmichel.re\/index.php?rest_route=\/wp\/v2\/users\/197"}],"replies":[{"embeddable":true,"href":"https:\/\/stmichel.re\/index.php?rest_route=%2Fwp%2Fv2%2Fcomments&post=14756"}],"version-history":[{"count":0,"href":"https:\/\/stmichel.re\/index.php?rest_route=\/wp\/v2\/posts\/14756\/revisions"}],"wp:featuredmedia":[{"embeddable":true,"href":"https:\/\/stmichel.re\/index.php?rest_route=\/wp\/v2\/media\/14757"}],"wp:attachment":[{"href":"https:\/\/stmichel.re\/index.php?rest_route=%2Fwp%2Fv2%2Fmedia&parent=14756"}],"wp:term":[{"taxonomy":"category","embeddable":true,"href":"https:\/\/stmichel.re\/index.php?rest_route=%2Fwp%2Fv2%2Fcategories&post=14756"},{"taxonomy":"post_tag","embeddable":true,"href":"https:\/\/stmichel.re\/index.php?rest_route=%2Fwp%2Fv2%2Ftags&post=14756"}],"curies":[{"name":"wp","href":"https:\/\/api.w.org\/{rel}","templated":true}]}}