{"id":14708,"date":"2020-11-14T19:10:44","date_gmt":"2020-11-14T15:10:44","guid":{"rendered":"http:\/\/stmichel.re\/?p=14708"},"modified":"2020-11-14T19:14:47","modified_gmt":"2020-11-14T15:14:47","slug":"planning-des-conseils-de-classe-2","status":"publish","type":"post","link":"https:\/\/stmichel.re\/?p=14708","title":{"rendered":"Planning des conseils de classe"},"content":{"rendered":"\n<p>Les conseils de classe du 1er trimestre se d\u00e9rouleront selon le planning suivant :<!--more--><\/p>\n\n\n\n<figure class=\"wp-block-image size-large\"><a href=\"http:\/\/stmichel.re\/wp_stm\/wp-content\/uploads\/2020\/11\/Capture-de\u0301cran-2020-11-12-a\u0300-18.34.08.png\"><img loading=\"lazy\" decoding=\"async\" width=\"1200\" height=\"656\" src=\"http:\/\/stmichel.re\/wp_stm\/wp-content\/uploads\/2020\/11\/Capture-de\u0301cran-2020-11-12-a\u0300-18.34.08-1200x656.png\" alt=\"\" class=\"wp-image-14709\" srcset=\"https:\/\/stmichel.re\/wp_stm\/wp-content\/uploads\/2020\/11\/Capture-de\u0301cran-2020-11-12-a\u0300-18.34.08-1200x656.png 1200w, https:\/\/stmichel.re\/wp_stm\/wp-content\/uploads\/2020\/11\/Capture-de\u0301cran-2020-11-12-a\u0300-18.34.08-300x164.png 300w, https:\/\/stmichel.re\/wp_stm\/wp-content\/uploads\/2020\/11\/Capture-de\u0301cran-2020-11-12-a\u0300-18.34.08-768x420.png 768w, https:\/\/stmichel.re\/wp_stm\/wp-content\/uploads\/2020\/11\/Capture-de\u0301cran-2020-11-12-a\u0300-18.34.08-1536x840.png 1536w, https:\/\/stmichel.re\/wp_stm\/wp-content\/uploads\/2020\/11\/Capture-de\u0301cran-2020-11-12-a\u0300-18.34.08-1320x722.png 1320w, https:\/\/stmichel.re\/wp_stm\/wp-content\/uploads\/2020\/11\/Capture-de\u0301cran-2020-11-12-a\u0300-18.34.08.png 2004w\" sizes=\"auto, (max-width: 767px) 89vw, (max-width: 1000px) 54vw, (max-width: 1071px) 543px, 580px\" \/><\/a><\/figure>\n\n\n\n<p><span style=\"color: #ff0000;\">Attention<\/span> : le conseil de classe de la <span style=\"color: #ff0000;\">6J<\/span> qui devait avoir lieu le vendredi 27 novembre \u00e0 18h15 <span style=\"color: #ff0000;\">est report\u00e9 au mardi 01 d\u00e9cembre \u00e0 17h00<\/span>.<\/p>\n","protected":false},"excerpt":{"rendered":"<p>Les conseils de classe du 1er trimestre se d\u00e9rouleront selon le planning suivant :<\/p>\n","protected":false},"author":197,"featured_media":14710,"comment_status":"closed","ping_status":"open","sticky":false,"template":"","format":"standard","meta":{"ngg_post_thumbnail":0,"footnotes":"","_links_to":"","_links_to_target":""},"categories":[8],"tags":[],"class_list":["post-14708","post","type-post","status-publish","format-standard","has-post-thumbnail","hentry","category-infos-pratiques"],"_links":{"self":[{"href":"https:\/\/stmichel.re\/index.php?rest_route=\/wp\/v2\/posts\/14708","targetHints":{"allow":["GET"]}}],"collection":[{"href":"https:\/\/stmichel.re\/index.php?rest_route=\/wp\/v2\/posts"}],"about":[{"href":"https:\/\/stmichel.re\/index.php?rest_route=\/wp\/v2\/types\/post"}],"author":[{"embeddable":true,"href":"https:\/\/stmichel.re\/index.php?rest_route=\/wp\/v2\/users\/197"}],"replies":[{"embeddable":true,"href":"https:\/\/stmichel.re\/index.php?rest_route=%2Fwp%2Fv2%2Fcomments&post=14708"}],"version-history":[{"count":0,"href":"https:\/\/stmichel.re\/index.php?rest_route=\/wp\/v2\/posts\/14708\/revisions"}],"wp:featuredmedia":[{"embeddable":true,"href":"https:\/\/stmichel.re\/index.php?rest_route=\/wp\/v2\/media\/14710"}],"wp:attachment":[{"href":"https:\/\/stmichel.re\/index.php?rest_route=%2Fwp%2Fv2%2Fmedia&parent=14708"}],"wp:term":[{"taxonomy":"category","embeddable":true,"href":"https:\/\/stmichel.re\/index.php?rest_route=%2Fwp%2Fv2%2Fcategories&post=14708"},{"taxonomy":"post_tag","embeddable":true,"href":"https:\/\/stmichel.re\/index.php?rest_route=%2Fwp%2Fv2%2Ftags&post=14708"}],"curies":[{"name":"wp","href":"https:\/\/api.w.org\/{rel}","templated":true}]}}