{"id":13552,"date":"2019-06-20T18:11:03","date_gmt":"2019-06-20T14:11:03","guid":{"rendered":"http:\/\/stmichel.re\/?p=13552"},"modified":"2019-06-20T18:11:30","modified_gmt":"2019-06-20T14:11:30","slug":"premiere-communion","status":"publish","type":"post","link":"https:\/\/stmichel.re\/?p=13552","title":{"rendered":"Premi\u00e8re communion"},"content":{"rendered":"\n<div>Le 27 avril 2019, 9 \u00e9l\u00e8ves du coll\u00e8ge ont re\u00e7u le sacrement de la Premi\u00e8re Communion, au terme de quelques mois de pr\u00e9paration.<\/div>\n<div>Merci \u00e0 la paroisse de St Jacques qui nous a accueillis, et \u00e0 Mme Nirlo qui a suivi et accompagn\u00e9 le groupe toute l&rsquo;ann\u00e9e <img src=\"https:\/\/stmichel.re\/wp_stm\/wp-includes\/images\/smilies\/icon_exclaim.gif\" alt=\"!\" class=\"wp-smiley\" style=\"height: 1em; max-height: 1em;\" \/>\u00a0\u00bb<\/div>\n<div style=\"text-align: right;\">SC<\/div>\n<div>&nbsp;<\/div>\n<p><!--more--><\/p>\n<div>&nbsp;<\/div>\nngg_shortcode_0_placeholder<!--more--><\/p>\n<div>&nbsp;<\/div>\n","protected":false},"excerpt":{"rendered":"<p>Le 27 avril 2019, 9 \u00e9l\u00e8ves du coll\u00e8ge ont re\u00e7u le sacrement de la Premi\u00e8re Communion, au terme de quelques mois de pr\u00e9paration. Merci \u00e0 la paroisse de St Jacques qui nous a accueillis, et \u00e0 Mme Nirlo qui a suivi et accompagn\u00e9 le groupe toute l&rsquo;ann\u00e9e \u00a0\u00bb SC &nbsp;<\/p>\n","protected":false},"author":197,"featured_media":13614,"comment_status":"open","ping_status":"open","sticky":false,"template":"","format":"standard","meta":{"ngg_post_thumbnail":0,"footnotes":"","_links_to":"","_links_to_target":""},"categories":[12],"tags":[],"class_list":["post-13552","post","type-post","status-publish","format-standard","has-post-thumbnail","hentry","category-pastorale"],"_links":{"self":[{"href":"https:\/\/stmichel.re\/index.php?rest_route=\/wp\/v2\/posts\/13552","targetHints":{"allow":["GET"]}}],"collection":[{"href":"https:\/\/stmichel.re\/index.php?rest_route=\/wp\/v2\/posts"}],"about":[{"href":"https:\/\/stmichel.re\/index.php?rest_route=\/wp\/v2\/types\/post"}],"author":[{"embeddable":true,"href":"https:\/\/stmichel.re\/index.php?rest_route=\/wp\/v2\/users\/197"}],"replies":[{"embeddable":true,"href":"https:\/\/stmichel.re\/index.php?rest_route=%2Fwp%2Fv2%2Fcomments&post=13552"}],"version-history":[{"count":0,"href":"https:\/\/stmichel.re\/index.php?rest_route=\/wp\/v2\/posts\/13552\/revisions"}],"wp:featuredmedia":[{"embeddable":true,"href":"https:\/\/stmichel.re\/index.php?rest_route=\/wp\/v2\/media\/13614"}],"wp:attachment":[{"href":"https:\/\/stmichel.re\/index.php?rest_route=%2Fwp%2Fv2%2Fmedia&parent=13552"}],"wp:term":[{"taxonomy":"category","embeddable":true,"href":"https:\/\/stmichel.re\/index.php?rest_route=%2Fwp%2Fv2%2Fcategories&post=13552"},{"taxonomy":"post_tag","embeddable":true,"href":"https:\/\/stmichel.re\/index.php?rest_route=%2Fwp%2Fv2%2Ftags&post=13552"}],"curies":[{"name":"wp","href":"https:\/\/api.w.org\/{rel}","templated":true}]}}