{"id":12864,"date":"2018-12-11T23:08:12","date_gmt":"2018-12-11T19:08:12","guid":{"rendered":"http:\/\/stmichel.re\/?p=12864"},"modified":"2018-12-11T23:09:44","modified_gmt":"2018-12-11T19:09:44","slug":"eps-projet-rando-classes-a","status":"publish","type":"post","link":"https:\/\/stmichel.re\/?p=12864","title":{"rendered":"EPS : Projet Rando classes A"},"content":{"rendered":"<p><span style=\"font-size: 1rem;\">Depuis la rentr\u00e9e, les \u00e9l\u00e8ves des classes de 5 \u00e8me A et 4 \u00e8me A vivent un cycle randonn\u00e9e avec leurs professeurs d&rsquo;EPS, de Maths et SVT, sur 5 journ\u00e9es planifi\u00e9es sur l&rsquo;ann\u00e9e.<\/span><br \/>\n<!--more--><\/p>\n<div dir=\"auto\">\n<div dir=\"auto\">Dans le prolongement des cours d&rsquo;EPS, cette activit\u00e9 fait partie int\u00e9grante des programmes disciplinaires et aborde la gestion de l&rsquo;effort, la lecture de carte, les calculs d&rsquo;itin\u00e9raire et de vitesse moyenne. Le professeur de Math\u00e9matiques accompagne le groupe pour approfondir la notion de proportionnalit\u00e9.<\/div>\n<div dir=\"auto\">Le professeur de SVT, interviendra sur les deux prochaines sorties pour faire le lien entre nutrition et randonn\u00e9e, aborder le cycle des v\u00e9g\u00e9taux et \u00e9tudier les roches volcaniques lors d une journ\u00e9e au volcan.<\/div>\n<div dir=\"auto\">C&rsquo;est aussi l&rsquo;occasion pour les \u00e9l\u00e8ves, de se situer dans leur patrimoine naturel en approfondissant l&rsquo;\u00e9tude de la faune et la flore de notre \u00eele.<\/div>\n<div dir=\"auto\">Un travail de restitution, sous la forme d&rsquo;un topo guide num\u00e9rique des diff\u00e9rentes randonn\u00e9es, sera r\u00e9alis\u00e9 en fin d&rsquo;ann\u00e9e pour cl\u00f4turer ce travail interdisciplinaire (EPI).<\/div>\n<div dir=\"auto\" style=\"text-align: right;\">Thibaut Emonnet<\/div>\n<\/div>\nngg_shortcode_0_placeholder\n","protected":false},"excerpt":{"rendered":"<p>Depuis la rentr\u00e9e, les \u00e9l\u00e8ves des classes de 5 \u00e8me A et 4 \u00e8me A vivent un cycle randonn\u00e9e avec leurs professeurs d&rsquo;EPS, de Maths et SVT, sur 5 journ\u00e9es planifi\u00e9es sur l&rsquo;ann\u00e9e.<\/p>\n","protected":false},"author":197,"featured_media":12885,"comment_status":"open","ping_status":"open","sticky":false,"template":"","format":"standard","meta":{"ngg_post_thumbnail":0,"footnotes":"","_links_to":"","_links_to_target":""},"categories":[10],"tags":[],"class_list":["post-12864","post","type-post","status-publish","format-standard","has-post-thumbnail","hentry","category-sport"],"_links":{"self":[{"href":"https:\/\/stmichel.re\/index.php?rest_route=\/wp\/v2\/posts\/12864","targetHints":{"allow":["GET"]}}],"collection":[{"href":"https:\/\/stmichel.re\/index.php?rest_route=\/wp\/v2\/posts"}],"about":[{"href":"https:\/\/stmichel.re\/index.php?rest_route=\/wp\/v2\/types\/post"}],"author":[{"embeddable":true,"href":"https:\/\/stmichel.re\/index.php?rest_route=\/wp\/v2\/users\/197"}],"replies":[{"embeddable":true,"href":"https:\/\/stmichel.re\/index.php?rest_route=%2Fwp%2Fv2%2Fcomments&post=12864"}],"version-history":[{"count":0,"href":"https:\/\/stmichel.re\/index.php?rest_route=\/wp\/v2\/posts\/12864\/revisions"}],"wp:featuredmedia":[{"embeddable":true,"href":"https:\/\/stmichel.re\/index.php?rest_route=\/wp\/v2\/media\/12885"}],"wp:attachment":[{"href":"https:\/\/stmichel.re\/index.php?rest_route=%2Fwp%2Fv2%2Fmedia&parent=12864"}],"wp:term":[{"taxonomy":"category","embeddable":true,"href":"https:\/\/stmichel.re\/index.php?rest_route=%2Fwp%2Fv2%2Fcategories&post=12864"},{"taxonomy":"post_tag","embeddable":true,"href":"https:\/\/stmichel.re\/index.php?rest_route=%2Fwp%2Fv2%2Ftags&post=12864"}],"curies":[{"name":"wp","href":"https:\/\/api.w.org\/{rel}","templated":true}]}}