{"id":12091,"date":"2018-06-25T19:26:35","date_gmt":"2018-06-25T15:26:35","guid":{"rendered":"http:\/\/stmichel.re\/?p=12091"},"modified":"2018-06-29T19:14:12","modified_gmt":"2018-06-29T15:14:12","slug":"le-college-en-representation-a-la-cite-des-arts","status":"publish","type":"post","link":"https:\/\/stmichel.re\/?p=12091","title":{"rendered":"Le coll\u00e8ge en repr\u00e9sentation \u00e0 la Cit\u00e9 des Arts"},"content":{"rendered":"<p class=\"p1\"><span class=\"s1\">Au vu de la qualit\u00e9 des prestations r\u00e9alis\u00e9es ces derni\u00e8res ann\u00e9es par nos jeunes artistes <img src=\"https:\/\/stmichel.re\/wp_stm\/wp-includes\/images\/smilies\/icon_cool.gif\" alt=\"8)\" class=\"wp-smiley\" style=\"height: 1em; max-height: 1em;\" \/> et leurs professeurs <img src=\"https:\/\/stmichel.re\/wp_stm\/wp-includes\/images\/smilies\/icon_razz.gif\" alt=\":p\" class=\"wp-smiley\" style=\"height: 1em; max-height: 1em;\" \/> ,&nbsp;le coll\u00e8ge La Salle St Michel a, cette ann\u00e9e, d\u00e9cid\u00e9 de proposer un&nbsp;spectacle de fin d&rsquo;ann\u00e9e,&nbsp;dans un site exceptionnel :&nbsp;la Cit\u00e9 des arts \u00e0 St Denis. <img src=\"https:\/\/stmichel.re\/wp_stm\/wp-includes\/images\/smilies\/icon_biggrin.gif\" alt=\":D\" class=\"wp-smiley\" style=\"height: 1em; max-height: 1em;\" \/>&nbsp;<\/span><!--more--><\/p>\n<p class=\"p2\"><span class=\"s1\">Le spectacle a \u00e9t\u00e9 donn\u00e9 ce vendredi 22 Juin devant 400 spectateurs.&nbsp;<\/span><\/p>\n<p class=\"p2\"><span class=\"s1\">Au programme, les diff\u00e9rents ateliers artistiques : Th\u00e9\u00e2tre, Chorale,&nbsp;Musique, Danse et Arts plastiques pour ravir les familles, camarades mais aussi nos jeunes artistes qui ont travaill\u00e9 toute l\u2019ann\u00e9e pour ce moment.&nbsp;<\/span><\/p>\n<p class=\"p2\"><span class=\"s1\">Une soir\u00e9e tr\u00e8s r\u00e9ussie et \u00e0 renouveler d\u00e8s l\u2019ann\u00e9e prochaine <img src=\"https:\/\/stmichel.re\/wp_stm\/wp-includes\/images\/smilies\/icon_exclaim.gif\" alt=\"!\" class=\"wp-smiley\" style=\"height: 1em; max-height: 1em;\" \/> FC<\/span><\/p>\n<p><a href=\"http:\/\/stmichel.re\/wp_stm\/wp-content\/uploads\/2018\/06\/Capture-d\u2019e\u0301cran-2018-06-25-a\u0300-19.13.02.png\"><img loading=\"lazy\" decoding=\"async\" class=\"aligncenter wp-image-12094 size-medium\" src=\"http:\/\/stmichel.re\/wp_stm\/wp-content\/uploads\/2018\/06\/Capture-d\u2019e\u0301cran-2018-06-25-a\u0300-19.13.02-203x300.png\" alt=\"\" width=\"203\" height=\"300\" srcset=\"https:\/\/stmichel.re\/wp_stm\/wp-content\/uploads\/2018\/06\/Capture-d\u2019e\u0301cran-2018-06-25-a\u0300-19.13.02-203x300.png 203w, https:\/\/stmichel.re\/wp_stm\/wp-content\/uploads\/2018\/06\/Capture-d\u2019e\u0301cran-2018-06-25-a\u0300-19.13.02-768x1133.png 768w, https:\/\/stmichel.re\/wp_stm\/wp-content\/uploads\/2018\/06\/Capture-d\u2019e\u0301cran-2018-06-25-a\u0300-19.13.02-694x1024.png 694w, https:\/\/stmichel.re\/wp_stm\/wp-content\/uploads\/2018\/06\/Capture-d\u2019e\u0301cran-2018-06-25-a\u0300-19.13.02-600x885.png 600w, https:\/\/stmichel.re\/wp_stm\/wp-content\/uploads\/2018\/06\/Capture-d\u2019e\u0301cran-2018-06-25-a\u0300-19.13.02.png 1110w\" sizes=\"auto, (max-width: 203px) 100vw, 203px\" \/><\/a><\/p>\n<p>Un grand merci \u00e0 M. Crocquevieille pour les jolies photos&#8230;<\/p>\nngg_shortcode_0_placeholder\n<p><span style=\"font-size: 8pt;\">Pour toute information concernant les photos publi\u00e9es dans cet article, n\u2019h\u00e9sitez pas \u00e0 contacter le <a href=\"mailto:cecchet@stmichel.re\">webmaster<\/a>.<\/span><\/p>\n","protected":false},"excerpt":{"rendered":"<p>Au vu de la qualit\u00e9 des prestations r\u00e9alis\u00e9es ces derni\u00e8res ann\u00e9es par nos jeunes artistes et leurs professeurs ,&nbsp;le coll\u00e8ge La Salle St Michel a, cette ann\u00e9e, d\u00e9cid\u00e9 de proposer un&nbsp;spectacle de fin d&rsquo;ann\u00e9e,&nbsp;dans un site exceptionnel :&nbsp;la Cit\u00e9 des arts \u00e0 St Denis. &nbsp;<\/p>\n","protected":false},"author":197,"featured_media":12092,"comment_status":"open","ping_status":"open","sticky":false,"template":"","format":"standard","meta":{"ngg_post_thumbnail":0,"footnotes":"","_links_to":"","_links_to_target":""},"categories":[4,13,19],"tags":[],"class_list":["post-12091","post","type-post","status-publish","format-standard","has-post-thumbnail","hentry","category-arts-plastiques","category-evenements","category-musique"],"_links":{"self":[{"href":"https:\/\/stmichel.re\/index.php?rest_route=\/wp\/v2\/posts\/12091","targetHints":{"allow":["GET"]}}],"collection":[{"href":"https:\/\/stmichel.re\/index.php?rest_route=\/wp\/v2\/posts"}],"about":[{"href":"https:\/\/stmichel.re\/index.php?rest_route=\/wp\/v2\/types\/post"}],"author":[{"embeddable":true,"href":"https:\/\/stmichel.re\/index.php?rest_route=\/wp\/v2\/users\/197"}],"replies":[{"embeddable":true,"href":"https:\/\/stmichel.re\/index.php?rest_route=%2Fwp%2Fv2%2Fcomments&post=12091"}],"version-history":[{"count":0,"href":"https:\/\/stmichel.re\/index.php?rest_route=\/wp\/v2\/posts\/12091\/revisions"}],"wp:featuredmedia":[{"embeddable":true,"href":"https:\/\/stmichel.re\/index.php?rest_route=\/wp\/v2\/media\/12092"}],"wp:attachment":[{"href":"https:\/\/stmichel.re\/index.php?rest_route=%2Fwp%2Fv2%2Fmedia&parent=12091"}],"wp:term":[{"taxonomy":"category","embeddable":true,"href":"https:\/\/stmichel.re\/index.php?rest_route=%2Fwp%2Fv2%2Fcategories&post=12091"},{"taxonomy":"post_tag","embeddable":true,"href":"https:\/\/stmichel.re\/index.php?rest_route=%2Fwp%2Fv2%2Ftags&post=12091"}],"curies":[{"name":"wp","href":"https:\/\/api.w.org\/{rel}","templated":true}]}}