{"id":11564,"date":"2018-02-06T11:48:07","date_gmt":"2018-02-06T07:48:07","guid":{"rendered":"http:\/\/stmichel.re\/?p=11564"},"modified":"2018-02-06T18:47:06","modified_gmt":"2018-02-06T14:47:06","slug":"la-5eme-a-au-brule","status":"publish","type":"post","link":"https:\/\/stmichel.re\/?p=11564","title":{"rendered":"La 5\u00e8me A au Br\u00fbl\u00e9"},"content":{"rendered":"<p class=\"p1\"><span class=\"s1\">La classe de 5\u00e8me A s&rsquo;est install\u00e9e ce lundi matin au centre de Lecture et Environnement du Br\u00fbl\u00e9.&nbsp;<\/span><span class=\"s1\">A peine arriv\u00e9e, une premi\u00e8re s\u00e9ance de pr\u00e9sentation litt\u00e9raire attendait les \u00e9l\u00e8ves sur le th\u00e8me de l&rsquo;esclavage en lien avec le projet annuel de la classe, initi\u00e9 en cours de Fran\u00e7ais.<\/span><!--more--><\/p>\n<p class=\"p1\"><span class=\"s1\">Au programme de la semaine : visites sur l&rsquo;architecture et l&rsquo;habitat cr\u00e9ole, les plantes end\u00e9miques,&nbsp; s\u00e9ances de lecture guid\u00e9e avec productions \u00e9crites sur le th\u00e8me d&rsquo;\u00e9tude, randonn\u00e9e et orientation, tournage d&rsquo;un film et activit\u00e9s musicales.&nbsp;<\/span><span class=\"s1\">Le s\u00e9jour mobilise tous les enseignants de la classe qui feront le lien avec leur programme disciplinaire.<\/span><\/p>\nngg_shortcode_0_placeholder\n","protected":false},"excerpt":{"rendered":"<p>La classe de 5\u00e8me A s&rsquo;est install\u00e9e ce lundi matin au centre de Lecture et Environnement du Br\u00fbl\u00e9.&nbsp;A peine arriv\u00e9e, une premi\u00e8re s\u00e9ance de pr\u00e9sentation litt\u00e9raire attendait les \u00e9l\u00e8ves sur le th\u00e8me de l&rsquo;esclavage en lien avec le projet annuel de la classe, initi\u00e9 en cours de Fran\u00e7ais.<\/p>\n","protected":false},"author":197,"featured_media":0,"comment_status":"closed","ping_status":"open","sticky":false,"template":"","format":"standard","meta":{"ngg_post_thumbnail":0,"footnotes":"","_links_to":"","_links_to_target":""},"categories":[13],"tags":[],"class_list":["post-11564","post","type-post","status-publish","format-standard","hentry","category-evenements"],"_links":{"self":[{"href":"https:\/\/stmichel.re\/index.php?rest_route=\/wp\/v2\/posts\/11564","targetHints":{"allow":["GET"]}}],"collection":[{"href":"https:\/\/stmichel.re\/index.php?rest_route=\/wp\/v2\/posts"}],"about":[{"href":"https:\/\/stmichel.re\/index.php?rest_route=\/wp\/v2\/types\/post"}],"author":[{"embeddable":true,"href":"https:\/\/stmichel.re\/index.php?rest_route=\/wp\/v2\/users\/197"}],"replies":[{"embeddable":true,"href":"https:\/\/stmichel.re\/index.php?rest_route=%2Fwp%2Fv2%2Fcomments&post=11564"}],"version-history":[{"count":0,"href":"https:\/\/stmichel.re\/index.php?rest_route=\/wp\/v2\/posts\/11564\/revisions"}],"wp:attachment":[{"href":"https:\/\/stmichel.re\/index.php?rest_route=%2Fwp%2Fv2%2Fmedia&parent=11564"}],"wp:term":[{"taxonomy":"category","embeddable":true,"href":"https:\/\/stmichel.re\/index.php?rest_route=%2Fwp%2Fv2%2Fcategories&post=11564"},{"taxonomy":"post_tag","embeddable":true,"href":"https:\/\/stmichel.re\/index.php?rest_route=%2Fwp%2Fv2%2Ftags&post=11564"}],"curies":[{"name":"wp","href":"https:\/\/api.w.org\/{rel}","templated":true}]}}