{"id":11549,"date":"2017-12-13T16:32:18","date_gmt":"2017-12-13T12:32:18","guid":{"rendered":"http:\/\/stmichel.re\/?p=11549"},"modified":"2017-12-13T16:32:18","modified_gmt":"2017-12-13T12:32:18","slug":"marche-de-noel","status":"publish","type":"post","link":"https:\/\/stmichel.re\/?p=11549","title":{"rendered":"March\u00e9 de No\u00ebl"},"content":{"rendered":"<p class=\"p1\"><span class=\"s1\">Vous \u00eates cordialement invit\u00e9s \u00e0 participer au <span style=\"color: #ff0000;\"><strong>March\u00e9 de No\u00ebl<\/strong><\/span> du 19 d\u00e9cembre 2017 de 16h30 \u00e0 18h au coll\u00e8ge <img src=\"https:\/\/stmichel.re\/wp_stm\/wp-includes\/images\/smilies\/icon_exclaim.gif\" alt=\"!\" class=\"wp-smiley\" style=\"height: 1em; max-height: 1em;\" \/><\/span><!--more--><\/p>\n<p><a href=\"http:\/\/stmichel.re\/wp_stm\/wp-content\/uploads\/2017\/12\/Marche-de-Noel-2.png\"><img loading=\"lazy\" decoding=\"async\" class=\"aligncenter size-full wp-image-11551\" src=\"http:\/\/stmichel.re\/wp_stm\/wp-content\/uploads\/2017\/12\/Marche-de-Noel-2.png\" alt=\"\" width=\"593\" height=\"710\" srcset=\"https:\/\/stmichel.re\/wp_stm\/wp-content\/uploads\/2017\/12\/Marche-de-Noel-2.png 593w, https:\/\/stmichel.re\/wp_stm\/wp-content\/uploads\/2017\/12\/Marche-de-Noel-2-251x300.png 251w\" sizes=\"auto, (max-width: 593px) 100vw, 593px\" \/><\/a><\/p>\n","protected":false},"excerpt":{"rendered":"<p>Vous \u00eates cordialement invit\u00e9s \u00e0 participer au March\u00e9 de No\u00ebl du 19 d\u00e9cembre 2017 de 16h30 \u00e0 18h au coll\u00e8ge<\/p>\n","protected":false},"author":197,"featured_media":11550,"comment_status":"open","ping_status":"open","sticky":false,"template":"","format":"standard","meta":{"ngg_post_thumbnail":0,"footnotes":"","_links_to":"","_links_to_target":""},"categories":[13],"tags":[],"class_list":["post-11549","post","type-post","status-publish","format-standard","has-post-thumbnail","hentry","category-evenements"],"_links":{"self":[{"href":"https:\/\/stmichel.re\/index.php?rest_route=\/wp\/v2\/posts\/11549","targetHints":{"allow":["GET"]}}],"collection":[{"href":"https:\/\/stmichel.re\/index.php?rest_route=\/wp\/v2\/posts"}],"about":[{"href":"https:\/\/stmichel.re\/index.php?rest_route=\/wp\/v2\/types\/post"}],"author":[{"embeddable":true,"href":"https:\/\/stmichel.re\/index.php?rest_route=\/wp\/v2\/users\/197"}],"replies":[{"embeddable":true,"href":"https:\/\/stmichel.re\/index.php?rest_route=%2Fwp%2Fv2%2Fcomments&post=11549"}],"version-history":[{"count":0,"href":"https:\/\/stmichel.re\/index.php?rest_route=\/wp\/v2\/posts\/11549\/revisions"}],"wp:featuredmedia":[{"embeddable":true,"href":"https:\/\/stmichel.re\/index.php?rest_route=\/wp\/v2\/media\/11550"}],"wp:attachment":[{"href":"https:\/\/stmichel.re\/index.php?rest_route=%2Fwp%2Fv2%2Fmedia&parent=11549"}],"wp:term":[{"taxonomy":"category","embeddable":true,"href":"https:\/\/stmichel.re\/index.php?rest_route=%2Fwp%2Fv2%2Fcategories&post=11549"},{"taxonomy":"post_tag","embeddable":true,"href":"https:\/\/stmichel.re\/index.php?rest_route=%2Fwp%2Fv2%2Ftags&post=11549"}],"curies":[{"name":"wp","href":"https:\/\/api.w.org\/{rel}","templated":true}]}}