{"id":11542,"date":"2017-12-21T17:19:52","date_gmt":"2017-12-21T13:19:52","guid":{"rendered":"http:\/\/stmichel.re\/?p=11542"},"modified":"2018-01-31T10:25:52","modified_gmt":"2018-01-31T06:25:52","slug":"reunion-de-presentation-du-college","status":"publish","type":"post","link":"https:\/\/stmichel.re\/?p=11542","title":{"rendered":"Re\u0301union de pre\u0301sentation du colle\u0300ge"},"content":{"rendered":"<p>Une r\u00e9union&nbsp;<span style=\"font-size: 1rem;\">d\u2019informations sur le colle\u0300ge La Salle St Michel \u00e0 destination des \u00e9l\u00e8ves du public, et particulie\u0300rement sur la classe de 6e\u0300, aura lieu le <strong>vendredi 09 f\u00e9vrier 2018<\/strong> a\u0300 <strong>17h<\/strong>, au colle\u0300ge (entre\u0301e par la rue Monseigneur de Beaumont &#8211; n\u00b028).<\/span><!--more--><\/p>\n<p><a href=\"http:\/\/stmichel.re\/wp_stm\/wp-content\/uploads\/2017\/12\/Affiche-presentation-du-college.pdf\">Affiche pr\u00e9sentation du coll\u00e8ge<\/a><\/p>\n<p>&nbsp;<\/p>\n","protected":false},"excerpt":{"rendered":"<p>Une r\u00e9union&nbsp;d\u2019informations sur le colle\u0300ge La Salle St Michel \u00e0 destination des \u00e9l\u00e8ves du public, et particulie\u0300rement sur la classe de 6e\u0300, aura lieu le vendredi 09 f\u00e9vrier 2018 a\u0300 17h, au colle\u0300ge (entre\u0301e par la rue Monseigneur de Beaumont &#8211; n\u00b028).<\/p>\n","protected":false},"author":197,"featured_media":7356,"comment_status":"closed","ping_status":"open","sticky":false,"template":"","format":"standard","meta":{"ngg_post_thumbnail":0,"footnotes":"","_links_to":"","_links_to_target":""},"categories":[8],"tags":[],"class_list":["post-11542","post","type-post","status-publish","format-standard","has-post-thumbnail","hentry","category-infos-pratiques"],"_links":{"self":[{"href":"https:\/\/stmichel.re\/index.php?rest_route=\/wp\/v2\/posts\/11542","targetHints":{"allow":["GET"]}}],"collection":[{"href":"https:\/\/stmichel.re\/index.php?rest_route=\/wp\/v2\/posts"}],"about":[{"href":"https:\/\/stmichel.re\/index.php?rest_route=\/wp\/v2\/types\/post"}],"author":[{"embeddable":true,"href":"https:\/\/stmichel.re\/index.php?rest_route=\/wp\/v2\/users\/197"}],"replies":[{"embeddable":true,"href":"https:\/\/stmichel.re\/index.php?rest_route=%2Fwp%2Fv2%2Fcomments&post=11542"}],"version-history":[{"count":0,"href":"https:\/\/stmichel.re\/index.php?rest_route=\/wp\/v2\/posts\/11542\/revisions"}],"wp:featuredmedia":[{"embeddable":true,"href":"https:\/\/stmichel.re\/index.php?rest_route=\/wp\/v2\/media\/7356"}],"wp:attachment":[{"href":"https:\/\/stmichel.re\/index.php?rest_route=%2Fwp%2Fv2%2Fmedia&parent=11542"}],"wp:term":[{"taxonomy":"category","embeddable":true,"href":"https:\/\/stmichel.re\/index.php?rest_route=%2Fwp%2Fv2%2Fcategories&post=11542"},{"taxonomy":"post_tag","embeddable":true,"href":"https:\/\/stmichel.re\/index.php?rest_route=%2Fwp%2Fv2%2Ftags&post=11542"}],"curies":[{"name":"wp","href":"https:\/\/api.w.org\/{rel}","templated":true}]}}